{"id":181145,"date":"2026-02-10T09:09:03","date_gmt":"2026-02-10T09:09:03","guid":{"rendered":"https:\/\/bioeast.eu\/?p=181145"},"modified":"2026-03-17T09:38:13","modified_gmt":"2026-03-17T09:38:13","slug":"narodny-hub-pre-biohospodarstvo-od-vizie-k-cinom","status":"publish","type":"post","link":"https:\/\/bioeast.eu\/sk\/narodny-hub-pre-biohospodarstvo-od-vizie-k-cinom\/","title":{"rendered":"N\u00e1rodn\u00fd HUB pre biohospod\u00e1rstvo: Od v\u00edzie k \u010dinom"},"content":{"rendered":"\n<p>D\u0148a 28. janu\u00e1ra 2026 sa na p\u00f4de MPRV SR uskuto\u010dnilo stretnutie N\u00e1rodn\u00e9ho HUBu pre biohospod\u00e1rstvo s podn\u00e1zvom \u201dOd v\u00edzie k \u010dinom\u201c, ktor\u00e9 spojilo r\u00f4znych z\u00e1stupcov verejnej spr\u00e1vy, v\u00fdskumu, praxe aj mlad\u00fdch start-upov.<\/p>\n\n\n\n<p>Cie\u013eom stretnutia bolo predstavi\u0165 analytick\u00e9 v\u00fdstupy v oblasti biomasy, interakt\u00edvne diskutova\u0165 o bari\u00e9rach v jednotliv\u00fdch sektoroch biohospod\u00e1rtsva&nbsp; a vyu\u017ei\u0165 t\u00fato diskusiu pri tvorbe n\u00e1rodn\u00fdch strategick\u00fdch dokumentov.<\/p>\n\n\n\n<p><strong>Od d\u00e1t k rozhodnutiam<\/strong><\/p>\n\n\n\n<p>K\u013e\u00fa\u010dovou t\u00e9mou boli v\u00fdstupy projektu\/inicit\u00edvy REPowerEU, ktor\u00fd realizovalo <a href=\"https:\/\/www.nppc.sk\/repower\/vystupy-a-vysledky-projektu\/menu-katalogy\/\">National Agricultural and Food Center<\/a>:<\/p>\n\n\n\n<ul>\n<li><strong>Mapa produk\u010dn\u00e9ho potenci\u00e1lu<\/strong> pre v\u00fdrobu bioplynu a biomet\u00e1nu.<\/li>\n\n\n\n<li><strong>Katal\u00f3gy technol\u00f3gi\u00ed<\/strong> pre bioplynov\u00e9 a biomet\u00e1nov\u00e9 stanice (BPS\/BMS).<\/li>\n\n\n\n<li><strong>Rie\u0161enia pre p\u00f4du<\/strong> a efekt\u00edvnemu vyu\u017e\u00edvaniu organick\u00fdch hnoj\u00edv.<\/li>\n<\/ul>\n\n\n\n<p>Tieto podklady predstavuj\u00fa analytick\u00fd z\u00e1klad pre \u010fal\u0161ie strategick\u00e9 rozhodovanie a pr\u00edpravu Cestovnej mapy pre biohospod\u00e1rstvo na p\u00f4de MPRV SR.<\/p>\n\n\n\n<p><strong>Inov\u00e1cie v praxi<\/strong><\/p>\n\n\n\n<p>Podujatie predstavilo aj konkr\u00e9tne pr\u00edklady inovat\u00edvnych pr\u00edkladov z praxe, ako napr\u00edklad <a href=\"https:\/\/drzhubu.sk\/\">Dr\u017e hubu<\/a> \u2013 startup pracuj\u00faci s\u00a0hubou myc\u00e9lium, a <a href=\"https:\/\/www.woolstyle.sk\/#homepage\">Woolstyle<\/a>, zameran\u00fd na spracovanie ov\u010dej vlny a jej vyu\u017eitie v produktoch s vy\u0161\u0161ou pridanou hodnotou. Boli to pekn\u00e9 a in\u0161pirat\u00edvne pr\u00edklady , ktor\u00e9 ukazuj\u00fa potenci\u00e1l biohospod\u00e1rstva prep\u00e1ja\u0165 inov\u00e1cie, podnikanie a udr\u017eate\u013enos\u0165.<\/p>\n\n\n\n<p>Podujatie na Slovensku vn\u00edmame ako d\u00f4le\u017eit\u00fd krok k budovaniu biohospod\u00e1rstva zalo\u017een\u00e9ho na zhodnocovan\u00ed vlastn\u00fdch obnovite\u013en\u00fdch zdrojov.<\/p>\n","protected":false},"excerpt":{"rendered":"<p>D\u0148a 28. janu\u00e1ra 2026 sa na p\u00f4de MPRV SR uskuto\u010dnilo stretnutie N\u00e1rodn\u00e9ho HUBu pre biohospod\u00e1rstvo s podn\u00e1zvom \u201dOd v\u00edzie k \u010dinom\u201c, ktor\u00e9 spojilo r\u00f4znych z\u00e1stupcov verejnej spr\u00e1vy, v\u00fdskumu, praxe aj mlad\u00fdch start-upov. Cie\u013eom stretnutia bolo &hellip;<\/p>\n","protected":false},"author":32244,"featured_media":181116,"comment_status":"closed","ping_status":"closed","sticky":false,"template":"","format":"standard","meta":{"_acf_changed":false,"inline_featured_image":false,"ub_ctt_via":"","footnotes":""},"categories":[3383],"tags":[],"country":[2484],"acf":[],"featured_image_src":"https:\/\/bioeast.eu\/wp-content\/uploads\/2026\/03\/IMG_20260128_113921_1-1-1-scaled.jpg","author_info":{"display_name":"slovakia.hub","author_link":"https:\/\/bioeast.eu\/sk\/author\/slovakia-hub\/"},"_links":{"self":[{"href":"https:\/\/bioeast.eu\/sk\/wp-json\/wp\/v2\/posts\/181145"}],"collection":[{"href":"https:\/\/bioeast.eu\/sk\/wp-json\/wp\/v2\/posts"}],"about":[{"href":"https:\/\/bioeast.eu\/sk\/wp-json\/wp\/v2\/types\/post"}],"author":[{"embeddable":true,"href":"https:\/\/bioeast.eu\/sk\/wp-json\/wp\/v2\/users\/32244"}],"replies":[{"embeddable":true,"href":"https:\/\/bioeast.eu\/sk\/wp-json\/wp\/v2\/comments?post=181145"}],"version-history":[{"count":8,"href":"https:\/\/bioeast.eu\/sk\/wp-json\/wp\/v2\/posts\/181145\/revisions"}],"predecessor-version":[{"id":181164,"href":"https:\/\/bioeast.eu\/sk\/wp-json\/wp\/v2\/posts\/181145\/revisions\/181164"}],"wp:featuredmedia":[{"embeddable":true,"href":"https:\/\/bioeast.eu\/sk\/wp-json\/wp\/v2\/media\/181116"}],"wp:attachment":[{"href":"https:\/\/bioeast.eu\/sk\/wp-json\/wp\/v2\/media?parent=181145"}],"wp:term":[{"taxonomy":"category","embeddable":true,"href":"https:\/\/bioeast.eu\/sk\/wp-json\/wp\/v2\/categories?post=181145"},{"taxonomy":"post_tag","embeddable":true,"href":"https:\/\/bioeast.eu\/sk\/wp-json\/wp\/v2\/tags?post=181145"},{"taxonomy":"country","embeddable":true,"href":"https:\/\/bioeast.eu\/sk\/wp-json\/wp\/v2\/country?post=181145"}],"curies":[{"name":"wp","href":"https:\/\/api.w.org\/{rel}","templated":true}]}}